{"id":8395,"date":"2024-06-27T15:18:11","date_gmt":"2024-06-27T15:18:11","guid":{"rendered":"https:\/\/webesti.com\/optimize-website-images\/"},"modified":"2026-01-02T17:46:16","modified_gmt":"2026-01-02T17:46:16","slug":"optimize-website-images","status":"publish","type":"post","link":"https:\/\/webesti.com\/hu\/optimize-website-images\/","title":{"rendered":"Hogyan optimaliz\u00e1ljuk a k\u00e9peket a gyors webhelyteljes\u00edtm\u00e9ny \u00e9rdek\u00e9ben"},"content":{"rendered":"\n<p>N\u00e9zz\u00fcnk szembe a t\u00e9nyekkel: k\u00f6zvetlen\u00fcl a weboldaladra t\u00f6ltesz fel k\u00e9peket mindenf\u00e9le el\u0151k\u00e9sz\u00edt\u00e9s n\u00e9lk\u00fcl? Ez a frusztr\u00e1ci\u00f3 receptje. Lassan t\u00f6lt\u0151d\u0151 oldalak, irrit\u00e1lt l\u00e1togat\u00f3k, \u00e9s a keres\u0151motorok rangsor\u00e1ban val\u00f3 visszaes\u00e9s &#8211; nem \u00e9ppen erre gondolt, igaz?   Ak\u00e1r bark\u00e1csol\u00f3, ak\u00e1r webdesigner vagy, vagy egyszer\u0171en csak valaki, aki friss \u00e9s lend\u00fcletes akar maradni az oldaladon, a k\u00e9pek optimaliz\u00e1l\u00e1sa a kulcs.<\/p>\n\n<div style=\"height:30px\" aria-hidden=\"true\" class=\"wp-block-spacer\"><\/div>\n\n<p>El\u0151sz\u00f6r is tiszt\u00e1zzunk n\u00e9h\u00e1ny kulcsfogalmat (higgye el, ez sok zavart\u00f3l k\u00edm\u00e9li meg \u00d6nt):<\/p>\n\n<ul class=\"wp-block-list\">\n<li><strong>F\u00e1jlm\u00e9ret:<\/strong> Gondoljon erre \u00fagy, mint egy festm\u00e9ny s\u00faly\u00e1ra, hogy milyen neh\u00e9z a k\u00e9pf\u00e1jl. A nagyobb f\u00e1jlm\u00e9ret (pl. 2,3 MB) lelass\u00edthatja a webhelyet. <\/li>\n<\/ul>\n\n<ul class=\"wp-block-list\">\n<li><strong>M\u00e9retek\/felbont\u00e1s:<\/strong> Ez olyan, mint a festm\u00e9ny fizikai m\u00e9rete &#8211; a magass\u00e1ga \u00e9s sz\u00e9less\u00e9ge pixelben (pl. 1447x2048px). A nagyobb m\u00e9retek nagyobb f\u00e1jlm\u00e9retet is eredm\u00e9nyezhetnek. <\/li>\n<\/ul>\n\n<div style=\"height:30px\" aria-hidden=\"true\" class=\"wp-block-spacer\"><\/div>\n\n<p>Mi\u00e9rt fontos ez? A weboldal gyorsas\u00e1ga \u00e9rdek\u00e9ben el\u0151sz\u00f6r mentse el a k\u00e9peket a megfelel\u0151 m\u00e9retben, majd cs\u00f6kkentse a f\u00e1jlm\u00e9retet a min\u0151s\u00e9g fel\u00e1ldoz\u00e1sa n\u00e9lk\u00fcl. <\/p>\n\n<div style=\"height:30px\" aria-hidden=\"true\" class=\"wp-block-spacer\"><\/div>\n\n<p>Most, hogy minden vil\u00e1gos ezzel a sz\u00e9p festm\u00e9ny metafor\u00e1val, k\u00f6vesse az al\u00e1bbi l\u00e9p\u00e9seket a k\u00e9pek optimaliz\u00e1l\u00e1s\u00e1hoz, \u00e9s biztos\u00edtsa, hogy webhelye gyors \u00e9s felhaszn\u00e1l\u00f3bar\u00e1t maradjon. \ud83d\ude42<\/p>\n\n<div style=\"height:32px\" aria-hidden=\"true\" class=\"wp-block-spacer\"><\/div>\n\n<h3 class=\"wp-block-heading\"><strong>1. K\u00e9pek keres\u00e9se a weboldal\u00e1hoz<\/strong><\/h3>\n\n<p>El\u0151sz\u00f6r is: hol tal\u00e1lja a k\u00e9peket? Tipp: ker\u00fclje a Google Images-t. Ott szerz\u0151i jogi akn\u00e1k vannak. Ehelyett keresse fel az olyan helyeket, mint <a href=\"http:\/\/unsplash.com\">az Unsplash<\/a>, <a href=\"http:\/\/pixabay.com\">Pixabay<\/a> vagy <a href=\"http:\/\/unsplash.com\">Unsplash<\/a>, ahol leny\u0171g\u00f6z\u0151, ingyenesen haszn\u00e1lhat\u00f3 stock fot\u00f3kat tal\u00e1l. Keress n\u00e9h\u00e1ny neked tetsz\u0151 k\u00e9pet ezeken a platformokon, majd k\u00f6vesd a 2. l\u00e9p\u00e9st.    <\/p>\n\n<div style=\"height:30px\" aria-hidden=\"true\" class=\"wp-block-spacer\"><\/div>\n\n<div class=\"wp-block-group is-vertical is-layout-flex wp-container-core-group-is-layout-fe9cc265 wp-block-group-is-layout-flex\">\n<p><em><strong>Vannak m\u00e1r saj\u00e1t k\u00e9pei?  <\/strong><\/em><\/p>\n\n\n\n<p><em>Ha igen, az els\u0151 l\u00e9p\u00e9s a <strong>m\u00e9retek<\/strong> ellen\u0151rz\u00e9se. Ha a sz\u00fcks\u00e9gesn\u00e9l nagyobbak, akkor \u00e1t kell m\u00e9reteznie \u0151ket (az al\u00e1bbi m\u00e9rett\u00e1bl\u00e1zatban tal\u00e1l \u00fatmutat\u00e1st).   <\/em><\/p>\n\n\n\n<p><em>Hogyan? Ehhez haszn\u00e1ljon egy k\u00e9pszerkeszt\u0151 programot, p\u00e9ld\u00e1ul az Adobe Photoshopot, a GIMP-et vagy ak\u00e1r egy egyszer\u0171 eszk\u00f6zt, p\u00e9ld\u00e1ul a Microsoft Paintet. \u00c1ltal\u00e1ban jobb eg\u00e9rgombbal kattinthat a k\u00e9pf\u00e1jlra, kiv\u00e1laszthatja a &#8222;Megnyit\u00e1s ezzel&#8221; lehet\u0151s\u00e9get, \u00e9s kiv\u00e1laszthatja a k\u00edv\u00e1nt szerkeszt\u0151programot. A szerkeszt\u0151 fels\u0151 men\u00fcsor\u00e1ban keressen egy olyan opci\u00f3t, mint a &#8222;K\u00e9p&#8221; vagy az &#8222;\u00c1tm\u00e9retez\u00e9s&#8221;. Gyakran csak az egyik dimenzi\u00f3t kell be\u00e1ll\u00edtania (a sz\u00e9less\u00e9get vagy a magass\u00e1got), \u00e9s a m\u00e1sik automatikusan m\u00e9retezni fog, hogy a k\u00e9par\u00e1nyt megtartsa. Miut\u00e1n \u00e1tm\u00e9retezte a <strong>dimenzi\u00f3t<\/strong>, mindenk\u00e9ppen mentse el a k\u00e9pet. Most folytassa a 3. l\u00e9p\u00e9ssel a k\u00e9p <strong>m\u00e9ret\u00e9nek<\/strong> optimaliz\u00e1l\u00e1s\u00e1hoz.      <\/em><\/p>\n\n\n\n<div style=\"height:64px;width:0px\" aria-hidden=\"true\" class=\"wp-block-spacer wp-container-content-d25f37ba\"><\/div>\n<\/div>\n\n<h3 class=\"wp-block-heading\"><strong>2. Teljes felbont\u00e1s\u00fa k\u00e9pek let\u00f6lt\u00e9se<\/strong><\/h3>\n\n<p>Szemet vetett\u00e9l a t\u00f6k\u00e9letes k\u00e9pre? Remek, t\u00f6ltse le! L\u00e1tni fogod a lehet\u0151s\u00e9geket &#8211; m\u00e9retek, felbont\u00e1sok. Elveszettnek \u00e9rzi mag\u00e1t? Semmi gond. Egy praktikus t\u00e1bl\u00e1zat seg\u00edts\u00e9g\u00e9vel kiv\u00e1laszthatod az ig\u00e9nyeidnek megfelel\u0151 m\u00e9reteket:       <\/p>\n\n<figure class=\"wp-block-table is-style-stripes\"><table class=\"has-fixed-layout\"><thead><tr><th class=\"has-text-align-left\" data-align=\"left\">K\u00e9p t\u00edpusa<\/th><th class=\"has-text-align-left\" data-align=\"left\">Aj\u00e1nlott m\u00e9ret<\/th><\/tr><\/thead><tbody><tr><td class=\"has-text-align-left\" data-align=\"left\">H\u0151s k\u00e9p<\/td><td class=\"has-text-align-left\" data-align=\"left\">1920&#215;1080 pixel<\/td><\/tr><tr><td class=\"has-text-align-left\" data-align=\"left\">Kiemelt k\u00e9p (blog\/cikk)<\/td><td class=\"has-text-align-left\" data-align=\"left\">1200&#215;800 k\u00e9ppont<\/td><\/tr><tr><td class=\"has-text-align-left\" data-align=\"left\">Szabv\u00e1nyos tartalomk\u00e9p<\/td><td class=\"has-text-align-left\" data-align=\"left\">800&#215;600 k\u00e9ppont vagy 1024&#215;768 k\u00e9ppont<\/td><\/tr><tr><td class=\"has-text-align-left\" data-align=\"left\">Profilk\u00e9p (Csapat\/Tudnival\u00f3k)<\/td><td class=\"has-text-align-left\" data-align=\"left\">400&#215;400 pixel<\/td><\/tr><tr><td class=\"has-text-align-left\" data-align=\"left\">Term\u00e9kk\u00e9p<\/td><td class=\"has-text-align-left\" data-align=\"left\">800&#215;800 k\u00e9ppont<\/td><\/tr><\/tbody><\/table><\/figure>\n\n<div style=\"height:64px\" aria-hidden=\"true\" class=\"wp-block-spacer\"><\/div>\n\n<h3 class=\"wp-block-heading\"><strong>3. A k\u00e9pek m\u00e9ret\u00e9nek el\u0151zetes optimaliz\u00e1l\u00e1sa<\/strong><\/h3>\n\n<p>Most, hogy a k\u00e9ped a megfelel\u0151 m\u00e9retekkel \u00e9s felbont\u00e1ssal rendelkezik &#8211; ha a festm\u00e9ny metafor\u00e1n\u00e1l maradsz, ink\u00e1bb hasonl\u00edtasz egy <em>Mona Lis\u00e1ra<\/em>, mint Michelangelo <em>Sixtus-k\u00e1poln\u00e1j\u00e1ra<\/em> -, m\u00e9g mindig cs\u00f6kkentened kell a f\u00e1jlm\u00e9retet. B\u00e1r lehet, hogy k\u00f6nnyebb, de m\u00e9g mindig van mit tenni. Az olyan eszk\u00f6z\u00f6k, mint a <strong><a href=\"http:\/\/tinypng.com\">TinyPNG<\/a><\/strong> \u00e9s a <strong><a href=\"https:\/\/squoosh.app\/\">Squoosh<\/a><\/strong> csod\u00e1kat m\u0171velnek, lehet\u0151v\u00e9 t\u00e9ve a k\u00e9pek t\u00f6m\u00f6r\u00edt\u00e9s\u00e9t a min\u0151s\u00e9g fel\u00e1ldoz\u00e1sa n\u00e9lk\u00fcl.    <\/p>\n\n<p>A weboldalon elfogadhat\u00f3 f\u00e1jlm\u00e9retek meg\u00e9rt\u00e9s\u00e9hez itt egy praktikus t\u00e1bl\u00e1zat:<\/p>\n\n<figure class=\"wp-block-table is-style-stripes\"><table class=\"has-fixed-layout\"><thead><tr><th class=\"has-text-align-left\" data-align=\"left\">K\u00e9p t\u00edpusa<\/th><th class=\"has-text-align-left\" data-align=\"left\">Aj\u00e1nlott f\u00e1jlm\u00e9ret<\/th><\/tr><\/thead><tbody><tr><td class=\"has-text-align-left\" data-align=\"left\">H\u0151s k\u00e9p<\/td><td class=\"has-text-align-left\" data-align=\"left\">&lt; 500 KB<\/td><\/tr><tr><td class=\"has-text-align-left\" data-align=\"left\">Kiemelt k\u00e9p (blog\/cikk)<\/td><td class=\"has-text-align-left\" data-align=\"left\">&lt; 300 KB<\/td><\/tr><tr><td class=\"has-text-align-left\" data-align=\"left\">Szabv\u00e1nyos tartalomk\u00e9p<\/td><td class=\"has-text-align-left\" data-align=\"left\">&lt; 300 KB<\/td><\/tr><tr><td class=\"has-text-align-left\" data-align=\"left\">Profilk\u00e9p (Csapat\/Tudnival\u00f3k)<\/td><td class=\"has-text-align-left\" data-align=\"left\">&lt; 100 KB<\/td><\/tr><tr><td class=\"has-text-align-left\" data-align=\"left\">Term\u00e9kk\u00e9p<\/td><td class=\"has-text-align-left\" data-align=\"left\">&lt; 200 KB<\/td><\/tr><\/tbody><\/table><\/figure>\n\n<div style=\"height:64px\" aria-hidden=\"true\" class=\"wp-block-spacer\"><\/div>\n\n<h3 class=\"wp-block-heading\"><strong>4. K\u00e9pek felt\u00f6lt\u00e9se a WordPressbe vagy a platformra<\/strong><\/h3>\n\n<p>Most t\u00f6ltsd fel az optimaliz\u00e1lt k\u00e9peket a WordPress m\u00e9diat\u00e1r\u00e1ba. Ha ezt a l\u00e9p\u00e9st elv\u00e9gezted, m\u00e1r j\u00f3 \u00faton haladsz a webhelyed teljes\u00edtm\u00e9ny\u00e9nek jav\u00edt\u00e1sa fel\u00e9. A WordPress be\u00e1ll\u00edt\u00e1sait\u00f3l \u00e9s a m\u00e9dia be\u00e1ll\u00edt\u00e1sait\u00f3l f\u00fcgg\u0151en a k\u00e9pek kisebb m\u00e9retei automatikusan gener\u00e1l\u00f3dhatnak a webhely k\u00fcl\u00f6nb\u00f6z\u0151 ter\u00fcletein val\u00f3 haszn\u00e1lathoz.  <\/p>\n\n<p>Profi tipp: adjon nekik olyan neveket \u00e9s alt sz\u00f6vegeket, amelyek n\u00f6velik a SEO-j\u00e1t\u00e9k\u00e1t. Gondoljon a kulcsszavakra, gondoljon a hozz\u00e1f\u00e9rhet\u0151s\u00e9gre &#8211; mindenki nyer. <\/p>\n\n<div style=\"height:64px\" aria-hidden=\"true\" class=\"wp-block-spacer\"><\/div>\n\n<h3 class=\"wp-block-heading\"><strong>5. K\u00e9pek kiszolg\u00e1l\u00e1sa Next-gen form\u00e1tumban<\/strong><\/h3>\n\n<p>Mer\u00fclj\u00fcnk el a k\u00e9pform\u00e1tumokba. A JPEG-eket \u00e9s a PNG-ket val\u00f3sz\u00edn\u0171leg ismeri, de hallott m\u00e1r a WebP-r\u0151l \u00e9s az Avif-r\u0151l? Ezek olyanok, mint az \u00faj men\u0151 gyerekek a v\u00e1rosban, \u00e9s mind arr\u00f3l sz\u00f3lnak, hogy m\u00e9g gyorsabb\u00e1 \u00e9s sim\u00e1bb\u00e1 tegy\u00e9k a weboldaladat.  <\/p>\n\n<p>A <strong>WebP<\/strong> a min\u0151s\u00e9groml\u00e1s n\u00e9lk\u00fcli f\u00e1jlm\u00e9ret-cs\u00f6kken\u00e9s r\u00e9v\u00e9n \u00e1ll a figyelem k\u00f6z\u00e9ppontj\u00e1ban. A legt\u00f6bb modern b\u00f6ng\u00e9sz\u0151 m\u00e1r 2024-ben t\u00e1mogatja, ami fantasztikusan gyors\u00edtja webhely\u00e9t. Csak egy figyelmeztet\u00e9s: a r\u00e9gebbi b\u00f6ng\u00e9sz\u0151k, mint p\u00e9ld\u00e1ul az Internet Explorer, nem biztos, hogy t\u00f6k\u00e9letesen kezelik a WebP-t.  <\/p>\n\n<p>Azt\u00e1n ott van <strong>az Avif<\/strong>, az \u00fajabb, m\u00e9g d\u00edszesebb opci\u00f3. A WebP-hez k\u00e9pest jobb t\u00f6m\u00f6r\u00edt\u00e9st \u00e9s min\u0151s\u00e9get \u00edg\u00e9r, de m\u00e9g nem minden b\u00f6ng\u00e9sz\u0151 tart l\u00e9p\u00e9st vele. \u00cdgy, b\u00e1r az Avif \u00edg\u00e9retes, b\u00f6lcs dolog, ha van egy tartal\u00e9k terv azon felhaszn\u00e1l\u00f3k sz\u00e1m\u00e1ra, akiknek a b\u00f6ng\u00e9sz\u0151je nem t\u00e1mogatja.  <\/p>\n\n<p>Most tal\u00e1n azt gondolja, hogy &#8222;Minden \u00e9vben \u00faj form\u00e1tumokat haszn\u00e1lnak, \u00e9s nem minden b\u00f6ng\u00e9sz\u0151 tud l\u00e9p\u00e9st tartani?!&#8221;. Tudom, hogy ez zavar\u00f3 lehet. \u00c9n olyan pluginokat haszn\u00e1lok, mint <a href=\"https:\/\/wordpress.org\/plugins\/imagify\/\">az Imagify<\/a>, a <a href=\"https:\/\/shortpixel.com\/\">ShortPixel<\/a>, a<a href=\"https:\/\/wordpress.org\/plugins\/wp-smushit\/\">Smush<\/a> vagy <a href=\"https:\/\/ewww.io\/\">az EWWW Image Optimizer<\/a>. Ezek egy bizonyos havi limitig ingyenesek, \u00e9s menet k\u00f6zben k\u00e9pesek a k\u00e9peket a leg\u00fajabb form\u00e1tumokba konvert\u00e1lni. Ezek a pluginek WebP-t vagy Avif-et szolg\u00e1lnak ki az azt t\u00e1mogat\u00f3 b\u00f6ng\u00e9sz\u0151k sz\u00e1m\u00e1ra, \u00e9s z\u00f6kken\u0151mentesen \u00e1tv\u00e1ltanak JPEG-re vagy PNG-re a t\u00f6bbiek sz\u00e1m\u00e1ra. Ez egy egyszer\u0171 m\u00f3dja annak, hogy mindenki z\u00f6kken\u0151mentes \u00e9lm\u00e9nyt kapjon a weboldal\u00e1n.     <\/p>\n\n<div style=\"height:64px\" aria-hidden=\"true\" class=\"wp-block-spacer\"><\/div>\n\n<h2 class=\"wp-block-heading\"><strong>Befejez\u00e9s<\/strong><\/h2>\n\n<p>Ha k\u00f6veti ezeket a l\u00e9p\u00e9seket, biztos\u00edthatja, hogy weboldal\u00e1nak k\u00e9pei gyors bet\u00f6lt\u00e9si id\u0151re optimaliz\u00e1ltak legyenek, \u00edgy z\u00f6kken\u0151mentes \u00e9s \u00e9lvezetes \u00e9lm\u00e9nyt ny\u00fajtva l\u00e1togat\u00f3inak. Rem\u00e9lem, a magyar\u00e1zatom vil\u00e1gos volt. Ha hasznosnak tal\u00e1ltad, nyugodtan oszd meg \ud83d\ude09   <\/p>\n\n<p><\/p>\n","protected":false},"excerpt":{"rendered":"<p>N\u00e9zz\u00fcnk szembe a t\u00e9nyekkel: k\u00f6zvetlen\u00fcl a weboldaladra t\u00f6ltesz fel k\u00e9peket mindenf\u00e9le el\u0151k\u00e9sz\u00edt\u00e9s n\u00e9lk\u00fcl? Ez a frusztr\u00e1ci\u00f3 receptje. Lassan t\u00f6lt\u0151d\u0151 oldalak, irrit\u00e1lt l\u00e1togat\u00f3k, \u00e9s a keres\u0151motorok rangsor\u00e1ban val\u00f3 visszaes\u00e9s &#8211; nem \u00e9ppen erre gondolt, igaz?  <\/p>\n","protected":false},"author":4,"featured_media":0,"comment_status":"open","ping_status":"open","sticky":false,"template":"","format":"standard","meta":{"iawp_total_views":2,"footnotes":""},"categories":[131,133],"tags":[],"class_list":["post-8395","post","type-post","status-publish","format-standard","hentry","category-diy","category-teljesitmeny"],"yoast_head":"<!-- This site is optimized with the Yoast SEO plugin v27.5 - https:\/\/yoast.com\/product\/yoast-seo-wordpress\/ -->\n<title>Hogyan optimaliz\u00e1ljuk a k\u00e9peket a gyors webhelyteljes\u00edtm\u00e9ny \u00e9rdek\u00e9ben% % |% Webesti%<\/title>\n<meta name=\"robots\" content=\"index, follow, max-snippet:-1, max-image-preview:large, max-video-preview:-1\" \/>\n<link rel=\"canonical\" href=\"https:\/\/webesti.com\/hu\/optimize-website-images\/\" \/>\n<meta property=\"og:locale\" content=\"hu_HU\" \/>\n<meta property=\"og:type\" content=\"article\" \/>\n<meta property=\"og:title\" content=\"Hogyan optimaliz\u00e1ljuk a k\u00e9peket a gyors webhelyteljes\u00edtm\u00e9ny \u00e9rdek\u00e9ben% % |% Webesti%\" \/>\n<meta property=\"og:description\" content=\"N\u00e9zz\u00fcnk szembe a t\u00e9nyekkel: k\u00f6zvetlen\u00fcl a weboldaladra t\u00f6ltesz fel k\u00e9peket mindenf\u00e9le el\u0151k\u00e9sz\u00edt\u00e9s n\u00e9lk\u00fcl? Ez a frusztr\u00e1ci\u00f3 receptje. Lassan t\u00f6lt\u0151d\u0151 oldalak, irrit\u00e1lt l\u00e1togat\u00f3k, \u00e9s a keres\u0151motorok rangsor\u00e1ban val\u00f3 visszaes\u00e9s - nem \u00e9ppen erre gondolt, igaz?\" \/>\n<meta property=\"og:url\" content=\"https:\/\/webesti.com\/hu\/optimize-website-images\/\" \/>\n<meta property=\"og:site_name\" content=\"Webesti\" \/>\n<meta property=\"article:published_time\" content=\"2024-06-27T15:18:11+00:00\" \/>\n<meta property=\"article:modified_time\" content=\"2026-01-02T17:46:16+00:00\" \/>\n<meta property=\"og:image\" content=\"https:\/\/webesti.com\/wp-content\/uploads\/2024\/03\/social_profile.jpg\" \/>\n\t<meta property=\"og:image:width\" content=\"1200\" \/>\n\t<meta property=\"og:image:height\" content=\"675\" \/>\n\t<meta property=\"og:image:type\" content=\"image\/jpeg\" \/>\n<meta name=\"author\" content=\"Eszter Kiss\" \/>\n<meta name=\"twitter:card\" content=\"summary_large_image\" \/>\n<meta name=\"twitter:label1\" content=\"Szerz\u0151:\" \/>\n\t<meta name=\"twitter:data1\" content=\"Eszter Kiss\" \/>\n\t<meta name=\"twitter:label2\" content=\"Becs\u00fclt olvas\u00e1si id\u0151\" \/>\n\t<meta name=\"twitter:data2\" content=\"6 perc\" \/>\n<script type=\"application\/ld+json\" class=\"yoast-schema-graph\">{\"@context\":\"https:\\\/\\\/schema.org\",\"@graph\":[{\"@type\":\"Article\",\"@id\":\"https:\\\/\\\/webesti.com\\\/hu\\\/optimize-website-images\\\/#article\",\"isPartOf\":{\"@id\":\"https:\\\/\\\/webesti.com\\\/hu\\\/optimize-website-images\\\/\"},\"author\":{\"name\":\"Eszter Kiss\",\"@id\":\"https:\\\/\\\/webesti.com\\\/hu\\\/#\\\/schema\\\/person\\\/057aef682a457c3d1d9183c3e05a3b16\"},\"headline\":\"Hogyan optimaliz\u00e1ljuk a k\u00e9peket a gyors webhelyteljes\u00edtm\u00e9ny \u00e9rdek\u00e9ben\",\"datePublished\":\"2024-06-27T15:18:11+00:00\",\"dateModified\":\"2026-01-02T17:46:16+00:00\",\"mainEntityOfPage\":{\"@id\":\"https:\\\/\\\/webesti.com\\\/hu\\\/optimize-website-images\\\/\"},\"wordCount\":1290,\"commentCount\":0,\"publisher\":{\"@id\":\"https:\\\/\\\/webesti.com\\\/hu\\\/#\\\/schema\\\/person\\\/057aef682a457c3d1d9183c3e05a3b16\"},\"articleSection\":[\"DIY\",\"Teljes\u00edtm\u00e9ny\"],\"inLanguage\":\"hu\",\"potentialAction\":[{\"@type\":\"CommentAction\",\"name\":\"Comment\",\"target\":[\"https:\\\/\\\/webesti.com\\\/hu\\\/optimize-website-images\\\/#respond\"]}]},{\"@type\":\"WebPage\",\"@id\":\"https:\\\/\\\/webesti.com\\\/hu\\\/optimize-website-images\\\/\",\"url\":\"https:\\\/\\\/webesti.com\\\/hu\\\/optimize-website-images\\\/\",\"name\":\"Hogyan optimaliz\u00e1ljuk a k\u00e9peket a gyors webhelyteljes\u00edtm\u00e9ny \u00e9rdek\u00e9ben% % |% Webesti%\",\"isPartOf\":{\"@id\":\"https:\\\/\\\/webesti.com\\\/hu\\\/#website\"},\"datePublished\":\"2024-06-27T15:18:11+00:00\",\"dateModified\":\"2026-01-02T17:46:16+00:00\",\"breadcrumb\":{\"@id\":\"https:\\\/\\\/webesti.com\\\/hu\\\/optimize-website-images\\\/#breadcrumb\"},\"inLanguage\":\"hu\",\"potentialAction\":[{\"@type\":\"ReadAction\",\"target\":[\"https:\\\/\\\/webesti.com\\\/hu\\\/optimize-website-images\\\/\"]}]},{\"@type\":\"BreadcrumbList\",\"@id\":\"https:\\\/\\\/webesti.com\\\/hu\\\/optimize-website-images\\\/#breadcrumb\",\"itemListElement\":[{\"@type\":\"ListItem\",\"position\":1,\"name\":\"Home\",\"item\":\"https:\\\/\\\/webesti.com\\\/hu\\\/home\\\/\"},{\"@type\":\"ListItem\",\"position\":2,\"name\":\"Hogyan optimaliz\u00e1ljuk a k\u00e9peket a gyors webhelyteljes\u00edtm\u00e9ny \u00e9rdek\u00e9ben\"}]},{\"@type\":\"WebSite\",\"@id\":\"https:\\\/\\\/webesti.com\\\/hu\\\/#website\",\"url\":\"https:\\\/\\\/webesti.com\\\/hu\\\/\",\"name\":\"Webesti\",\"description\":\"Weboldal tervez\u00e9s \u00e9s fejleszt\u00e9s\",\"publisher\":{\"@id\":\"https:\\\/\\\/webesti.com\\\/hu\\\/#\\\/schema\\\/person\\\/057aef682a457c3d1d9183c3e05a3b16\"},\"potentialAction\":[{\"@type\":\"SearchAction\",\"target\":{\"@type\":\"EntryPoint\",\"urlTemplate\":\"https:\\\/\\\/webesti.com\\\/hu\\\/?s={search_term_string}\"},\"query-input\":{\"@type\":\"PropertyValueSpecification\",\"valueRequired\":true,\"valueName\":\"search_term_string\"}}],\"inLanguage\":\"hu\"},{\"@type\":[\"Person\",\"Organization\"],\"@id\":\"https:\\\/\\\/webesti.com\\\/hu\\\/#\\\/schema\\\/person\\\/057aef682a457c3d1d9183c3e05a3b16\",\"name\":\"Eszter Kiss\",\"image\":{\"@type\":\"ImageObject\",\"inLanguage\":\"hu\",\"@id\":\"https:\\\/\\\/webesti.com\\\/wp-content\\\/uploads\\\/2024\\\/03\\\/Insta_profile.png\",\"url\":\"https:\\\/\\\/webesti.com\\\/wp-content\\\/uploads\\\/2024\\\/03\\\/Insta_profile.png\",\"contentUrl\":\"https:\\\/\\\/webesti.com\\\/wp-content\\\/uploads\\\/2024\\\/03\\\/Insta_profile.png\",\"width\":904,\"height\":1280,\"caption\":\"Eszter Kiss\"},\"logo\":{\"@id\":\"https:\\\/\\\/webesti.com\\\/wp-content\\\/uploads\\\/2024\\\/03\\\/Insta_profile.png\"},\"url\":\"https:\\\/\\\/webesti.com\\\/hu\\\/author\\\/eszter88\\\/\"}]}<\/script>\n<!-- \/ Yoast SEO plugin. -->","yoast_head_json":{"title":"Hogyan optimaliz\u00e1ljuk a k\u00e9peket a gyors webhelyteljes\u00edtm\u00e9ny \u00e9rdek\u00e9ben% % |% Webesti%","robots":{"index":"index","follow":"follow","max-snippet":"max-snippet:-1","max-image-preview":"max-image-preview:large","max-video-preview":"max-video-preview:-1"},"canonical":"https:\/\/webesti.com\/hu\/optimize-website-images\/","og_locale":"hu_HU","og_type":"article","og_title":"Hogyan optimaliz\u00e1ljuk a k\u00e9peket a gyors webhelyteljes\u00edtm\u00e9ny \u00e9rdek\u00e9ben% % |% Webesti%","og_description":"N\u00e9zz\u00fcnk szembe a t\u00e9nyekkel: k\u00f6zvetlen\u00fcl a weboldaladra t\u00f6ltesz fel k\u00e9peket mindenf\u00e9le el\u0151k\u00e9sz\u00edt\u00e9s n\u00e9lk\u00fcl? Ez a frusztr\u00e1ci\u00f3 receptje. Lassan t\u00f6lt\u0151d\u0151 oldalak, irrit\u00e1lt l\u00e1togat\u00f3k, \u00e9s a keres\u0151motorok rangsor\u00e1ban val\u00f3 visszaes\u00e9s - nem \u00e9ppen erre gondolt, igaz?","og_url":"https:\/\/webesti.com\/hu\/optimize-website-images\/","og_site_name":"Webesti","article_published_time":"2024-06-27T15:18:11+00:00","article_modified_time":"2026-01-02T17:46:16+00:00","og_image":[{"width":1200,"height":675,"url":"https:\/\/webesti.com\/wp-content\/uploads\/2024\/03\/social_profile.jpg","type":"image\/jpeg"}],"author":"Eszter Kiss","twitter_card":"summary_large_image","twitter_misc":{"Szerz\u0151:":"Eszter Kiss","Becs\u00fclt olvas\u00e1si id\u0151":"6 perc"},"schema":{"@context":"https:\/\/schema.org","@graph":[{"@type":"Article","@id":"https:\/\/webesti.com\/hu\/optimize-website-images\/#article","isPartOf":{"@id":"https:\/\/webesti.com\/hu\/optimize-website-images\/"},"author":{"name":"Eszter Kiss","@id":"https:\/\/webesti.com\/hu\/#\/schema\/person\/057aef682a457c3d1d9183c3e05a3b16"},"headline":"Hogyan optimaliz\u00e1ljuk a k\u00e9peket a gyors webhelyteljes\u00edtm\u00e9ny \u00e9rdek\u00e9ben","datePublished":"2024-06-27T15:18:11+00:00","dateModified":"2026-01-02T17:46:16+00:00","mainEntityOfPage":{"@id":"https:\/\/webesti.com\/hu\/optimize-website-images\/"},"wordCount":1290,"commentCount":0,"publisher":{"@id":"https:\/\/webesti.com\/hu\/#\/schema\/person\/057aef682a457c3d1d9183c3e05a3b16"},"articleSection":["DIY","Teljes\u00edtm\u00e9ny"],"inLanguage":"hu","potentialAction":[{"@type":"CommentAction","name":"Comment","target":["https:\/\/webesti.com\/hu\/optimize-website-images\/#respond"]}]},{"@type":"WebPage","@id":"https:\/\/webesti.com\/hu\/optimize-website-images\/","url":"https:\/\/webesti.com\/hu\/optimize-website-images\/","name":"Hogyan optimaliz\u00e1ljuk a k\u00e9peket a gyors webhelyteljes\u00edtm\u00e9ny \u00e9rdek\u00e9ben% % |% Webesti%","isPartOf":{"@id":"https:\/\/webesti.com\/hu\/#website"},"datePublished":"2024-06-27T15:18:11+00:00","dateModified":"2026-01-02T17:46:16+00:00","breadcrumb":{"@id":"https:\/\/webesti.com\/hu\/optimize-website-images\/#breadcrumb"},"inLanguage":"hu","potentialAction":[{"@type":"ReadAction","target":["https:\/\/webesti.com\/hu\/optimize-website-images\/"]}]},{"@type":"BreadcrumbList","@id":"https:\/\/webesti.com\/hu\/optimize-website-images\/#breadcrumb","itemListElement":[{"@type":"ListItem","position":1,"name":"Home","item":"https:\/\/webesti.com\/hu\/home\/"},{"@type":"ListItem","position":2,"name":"Hogyan optimaliz\u00e1ljuk a k\u00e9peket a gyors webhelyteljes\u00edtm\u00e9ny \u00e9rdek\u00e9ben"}]},{"@type":"WebSite","@id":"https:\/\/webesti.com\/hu\/#website","url":"https:\/\/webesti.com\/hu\/","name":"Webesti","description":"Weboldal tervez\u00e9s \u00e9s fejleszt\u00e9s","publisher":{"@id":"https:\/\/webesti.com\/hu\/#\/schema\/person\/057aef682a457c3d1d9183c3e05a3b16"},"potentialAction":[{"@type":"SearchAction","target":{"@type":"EntryPoint","urlTemplate":"https:\/\/webesti.com\/hu\/?s={search_term_string}"},"query-input":{"@type":"PropertyValueSpecification","valueRequired":true,"valueName":"search_term_string"}}],"inLanguage":"hu"},{"@type":["Person","Organization"],"@id":"https:\/\/webesti.com\/hu\/#\/schema\/person\/057aef682a457c3d1d9183c3e05a3b16","name":"Eszter Kiss","image":{"@type":"ImageObject","inLanguage":"hu","@id":"https:\/\/webesti.com\/wp-content\/uploads\/2024\/03\/Insta_profile.png","url":"https:\/\/webesti.com\/wp-content\/uploads\/2024\/03\/Insta_profile.png","contentUrl":"https:\/\/webesti.com\/wp-content\/uploads\/2024\/03\/Insta_profile.png","width":904,"height":1280,"caption":"Eszter Kiss"},"logo":{"@id":"https:\/\/webesti.com\/wp-content\/uploads\/2024\/03\/Insta_profile.png"},"url":"https:\/\/webesti.com\/hu\/author\/eszter88\/"}]}},"_links":{"self":[{"href":"https:\/\/webesti.com\/hu\/wp-json\/wp\/v2\/posts\/8395","targetHints":{"allow":["GET"]}}],"collection":[{"href":"https:\/\/webesti.com\/hu\/wp-json\/wp\/v2\/posts"}],"about":[{"href":"https:\/\/webesti.com\/hu\/wp-json\/wp\/v2\/types\/post"}],"author":[{"embeddable":true,"href":"https:\/\/webesti.com\/hu\/wp-json\/wp\/v2\/users\/4"}],"replies":[{"embeddable":true,"href":"https:\/\/webesti.com\/hu\/wp-json\/wp\/v2\/comments?post=8395"}],"version-history":[{"count":1,"href":"https:\/\/webesti.com\/hu\/wp-json\/wp\/v2\/posts\/8395\/revisions"}],"predecessor-version":[{"id":8398,"href":"https:\/\/webesti.com\/hu\/wp-json\/wp\/v2\/posts\/8395\/revisions\/8398"}],"wp:attachment":[{"href":"https:\/\/webesti.com\/hu\/wp-json\/wp\/v2\/media?parent=8395"}],"wp:term":[{"taxonomy":"category","embeddable":true,"href":"https:\/\/webesti.com\/hu\/wp-json\/wp\/v2\/categories?post=8395"},{"taxonomy":"post_tag","embeddable":true,"href":"https:\/\/webesti.com\/hu\/wp-json\/wp\/v2\/tags?post=8395"}],"curies":[{"name":"wp","href":"https:\/\/api.w.org\/{rel}","templated":true}]}}